{"id":16691,"date":"2022-06-07T13:49:20","date_gmt":"2022-06-07T11:49:20","guid":{"rendered":"https:\/\/hydrotec.es\/qui-paga-les-humitats-per-capil%c2%b7laritat-%c2%b7-comunitats-de-veins\/"},"modified":"2023-05-02T10:31:16","modified_gmt":"2023-05-02T08:31:16","slug":"qui-paga-les-humitats-per-capil%c2%b7laritat-%c2%b7-comunitats-de-veins","status":"publish","type":"post","link":"https:\/\/hydrotec.es\/ca\/sin-categorizar\/qui-paga-les-humitats-per-capil%c2%b7laritat-%c2%b7-comunitats-de-veins\/","title":{"rendered":"Qui paga les humitats per capil\u00b7laritat \u00b7 Comunitats de ve\u00efns"},"content":{"rendered":"<p>Ja vam veure en el nostre \u00faltim article sobre la<strong> <a href=\"https:\/\/hydrotec.es\/ca\/humitat-per-capillaritat-com-diferenciar-la-i-eliminar-la\/\">humitat per capil\u00b7laritat<\/a> qualsevol immoble que tingui contacte directe amb el s\u00f2l \u00e9s susceptible de patir-la<\/strong>. Com cal suposar, <strong>els pisos baixos s\u00f3n els principals afectats<\/strong>, i moltes vegades, s\u00f3n els \u00fanics immobles perjudicats de la seva comunitat.<strong> Aix\u00f2 a vegades complica el que la resta de ve\u00efns vulgui fer-se c\u00e0rrec<\/strong>. Per aix\u00f2, en aquest article veurem el <strong>que indica la llei sobre qui paga les humitats per capil\u00b7laritat<\/strong>.<\/p>\n<h2>Qui paga les humitats per capil\u00b7laritat<\/h2>\n<p>En aquest sentit la <a href=\"https:\/\/www.boe.es\/buscar\/act.php?id=BOE-A-1960-10906\" target=\"_blank\" rel=\"noopener noreferrer\">llei \u00e9s for\u00e7a clara<\/a>, t<strong>ot el que afecta o dep\u00e8n de l&#8217;estructura general de l&#8217;edifici<\/strong> com: baixants, instal\u00b7lacions generals d&#8217;il\u00b7luminat o electricitat, preses de terra, parallamps, canonades, o com en el cas que tractem humitats per capil\u00b7laritat o filtraci\u00f3, <strong>s\u00f3n <a href=\"https:\/\/www.ocu.org\/fincas-y-casas\/gestion\/comunidad-de-propietarios\/analisis-gratis\/2020\/05\/reglas-reparto-gastos-comunidad\">despeses que ha d&#8217;assumir la comunitat de ve\u00efns<\/a><\/strong>.<\/p>\n<p><strong>El cas de la humitat per condensaci\u00f3, en canvi, \u00e9s una mica m\u00e9s complex<\/strong>. Per\u00f2 si el motiu de la humitat <strong>\u00e9s un mal estat o insuficient a\u00efllament de la fa\u00e7ana<\/strong> estarem de nou parlant d&#8217;estructura general, amb el que <strong>la responsabilitat econ\u00f2mica recauria tamb\u00e9 en la comunitat<\/strong>.<\/p>\n<p>Encara que els \u00fanics afectats sovint s\u00f3n nom\u00e9s els baixos: soterranis, garatges o trasters&#8230; <strong>haur\u00edem d&#8217;entendre que la humitat pot resultar un problema greu que afecti l&#8217;estructura de l&#8217;edifici<\/strong>. Per aix\u00f2 conv\u00e9 actuar al m\u00e9s aviat possible.<\/p>\n<h2>Com procedir si detectes humitat en el teu pis, traster o garatge<\/h2>\n<p>El primer que has de fer si detectes humitat en les teves parets \u00e9s <strong>consultar amb un especialista que et permeti determinar la causa que l&#8217;origina<\/strong>. Si la humitat prov\u00e9 d&#8217;una mala impermeabilitzaci\u00f3 de la fa\u00e7ana o \u00e9s per capil\u00b7laritat hem <strong>d&#8217;avisar a l&#8217;administrador de la finca o en defecte d&#8217;aix\u00f2 al president de la comunitat perqu\u00e8 ho solucioni<\/strong>.<\/p>\n<p><strong>Si la reparaci\u00f3 requereix una intervenci\u00f3 urgent<\/strong> (afecti l&#8217;habitabilitat de l&#8217;immoble o pugui provocar danys a tercers) <strong>l&#8217;administrador, o president, pot procedir informant immediatament despr\u00e9s a la resta de ve\u00efns.<\/strong><\/p>\n<h2>Que passa si la humitat \u00e9s per condensaci\u00f3<\/h2>\n<p>Si la complicaci\u00f3 <strong>ve derivada d&#8217;humitat per condensaci\u00f3 i no radica en la fa\u00e7ana, el propietari haur\u00e0 d&#8217;assumir el cost de la reparaci\u00f3<\/strong>. Aix\u00f2 <strong>sempre que no estiguem parlant d&#8217;un habitatge de nova construcci\u00f3<\/strong>.<\/p>\n<p>En el cas que es tracti d&#8217;un pis\/casa nous, haurem de comprovar <strong>si entra dins del per\u00edode de garantia del promotor<\/strong> (sol ser d&#8217;uns cinc anys).<\/p>\n<p>Si fos aix\u00ed per mitj\u00e0 de la comunitat o de l&#8217;administrador de finques <strong>podrem reclamar al promotor<\/strong>. Si no hi ha consens, tamb\u00e9 es pot reclamar de manera individual.<\/p>\n<p>La nostra recomanaci\u00f3 \u00e9s la de <strong>sempre fer reclamacions mitjan\u00e7ant burofax, per a deixar const\u00e0ncia escrita<\/strong>.<\/p>\n<p>Com veus, tot passa primer per determinar la causa que origina les humitats, i <strong>per a un correcte diagn\u00f2stic del problema necessitar\u00e0s l&#8217;ajuda d&#8217;un professional qualificat<\/strong>.<\/p>\n<h2><span class=\"hiddenSpellError\">Hydrotec<\/span> \u2013 Diagnostiquem i tractem de manera eficient les humitats<\/h2>\n<p>Els experts en humitats de\u00a0<span class=\"hiddenSpellError\">Hydrotec<\/span>\u00a0visitaran l&#8217;immoble, efectuaran un diagn\u00f2stic i determinaran quina \u00e9s la soluci\u00f3 contra les humitats.<\/p>\n<p><a href=\"https:\/\/hydrotec.es\/ca\/contacte\/\">No dubtis a consultar-nos<\/a>. Tenim <strong>m\u00e9s de vint-i-cinc anys d&#8217;experi\u00e8ncia en el tractament contra la humitat<\/strong>. I sigui aquesta per capil\u00b7laritat, filtraci\u00f3 o condensaci\u00f3 <a href=\"https:\/\/hydrotec.es\/ca\/empresa-tractaments-humitats\/\">els nostres tractaments ofereixen fins a trenta anys de garantia<\/a>.<\/p>\n","protected":false},"excerpt":{"rendered":"<p>Ja vam veure en el nostre \u00faltim article sobre la humitat per capil\u00b7laritat qualsevol immoble que tingui contacte directe amb el s\u00f2l \u00e9s susceptible de sofrir-la. Com cal suposar, els pisos baixos s\u00f3n els principals afectats, i moltes vegades, s\u00f3n els \u00fanics immobles perjudicats de la seva comunitat. Aix\u00f2 a vegades complica el que la resta de ve\u00efns vulgui fer-se c\u00e0rrec. Per aix\u00f2, en aquest article veurem el que indica la llei sobre qui paga les humitats per capil\u00b7laritat.<\/p>\n","protected":false},"author":1,"featured_media":18984,"comment_status":"closed","ping_status":"closed","sticky":false,"template":"","format":"standard","meta":{"_et_pb_use_builder":"","_et_pb_old_content":"","_et_gb_content_width":"","footnotes":""},"categories":[295,1,301],"tags":[],"class_list":["post-16691","post","type-post","status-publish","format-standard","has-post-thumbnail","hentry","category-humitats","category-sin-categorizar","category-tractaments"],"yoast_head":"<!-- This site is optimized with the Yoast SEO plugin v26.6 - https:\/\/yoast.com\/wordpress\/plugins\/seo\/ -->\n<title>Qui paga les humitats per capil\u00b7laritat | Hydrotec<\/title>\n<meta name=\"description\" content=\"Els pisos baixos s\u00f3n els principals afectats per la humitat. En aquest article veiem que diu la llei sobre qui paga les humitats per capil\u00b7laritat.\" \/>\n<meta name=\"robots\" content=\"index, follow, max-snippet:-1, max-image-preview:large, max-video-preview:-1\" \/>\n<link rel=\"canonical\" href=\"https:\/\/hydrotec.es\/ca\/sin-categorizar\/qui-paga-les-humitats-per-capil%c2%b7laritat-%c2%b7-comunitats-de-veins\/\" \/>\n<meta property=\"og:locale\" content=\"ca_ES\" \/>\n<meta property=\"og:type\" content=\"article\" \/>\n<meta property=\"og:title\" content=\"Qui paga les humitats per capil\u00b7laritat | Hydrotec\" \/>\n<meta property=\"og:description\" content=\"Els pisos baixos s\u00f3n els principals afectats per la humitat. En aquest article veiem que diu la llei sobre qui paga les humitats per capil\u00b7laritat.\" \/>\n<meta property=\"og:url\" content=\"https:\/\/hydrotec.es\/ca\/sin-categorizar\/qui-paga-les-humitats-per-capil%c2%b7laritat-%c2%b7-comunitats-de-veins\/\" \/>\n<meta property=\"og:site_name\" content=\"Hydrotec\" \/>\n<meta property=\"article:published_time\" content=\"2022-06-07T11:49:20+00:00\" \/>\n<meta property=\"article:modified_time\" content=\"2023-05-02T08:31:16+00:00\" \/>\n<meta property=\"og:image\" content=\"https:\/\/hydrotec.es\/wp-content\/uploads\/2022\/06\/hydrotec-blog-pared-de-parking_Quien-paga-humedad-capilaridad_Hydrotec.webp\" \/>\n\t<meta property=\"og:image:width\" content=\"1620\" \/>\n\t<meta property=\"og:image:height\" content=\"1080\" \/>\n\t<meta property=\"og:image:type\" content=\"image\/webp\" \/>\n<meta name=\"author\" content=\"admin\" \/>\n<meta name=\"twitter:card\" content=\"summary_large_image\" \/>\n<meta name=\"twitter:label1\" content=\"Escrit per\" \/>\n\t<meta name=\"twitter:data1\" content=\"admin\" \/>\n\t<meta name=\"twitter:label2\" content=\"Temps estimat de lectura\" \/>\n\t<meta name=\"twitter:data2\" content=\"3 minuts\" \/>\n<script type=\"application\/ld+json\" class=\"yoast-schema-graph\">{\"@context\":\"https:\/\/schema.org\",\"@graph\":[{\"@type\":\"WebPage\",\"@id\":\"https:\/\/hydrotec.es\/ca\/sin-categorizar\/qui-paga-les-humitats-per-capil%c2%b7laritat-%c2%b7-comunitats-de-veins\/\",\"url\":\"https:\/\/hydrotec.es\/ca\/sin-categorizar\/qui-paga-les-humitats-per-capil%c2%b7laritat-%c2%b7-comunitats-de-veins\/\",\"name\":\"Qui paga les humitats per capil\u00b7laritat | Hydrotec\",\"isPartOf\":{\"@id\":\"https:\/\/hydrotec.es\/ca\/#website\"},\"primaryImageOfPage\":{\"@id\":\"https:\/\/hydrotec.es\/ca\/sin-categorizar\/qui-paga-les-humitats-per-capil%c2%b7laritat-%c2%b7-comunitats-de-veins\/#primaryimage\"},\"image\":{\"@id\":\"https:\/\/hydrotec.es\/ca\/sin-categorizar\/qui-paga-les-humitats-per-capil%c2%b7laritat-%c2%b7-comunitats-de-veins\/#primaryimage\"},\"thumbnailUrl\":\"https:\/\/hydrotec.es\/wp-content\/uploads\/2022\/06\/hydrotec-blog-pared-de-parking_Quien-paga-humedad-capilaridad_Hydrotec.webp\",\"datePublished\":\"2022-06-07T11:49:20+00:00\",\"dateModified\":\"2023-05-02T08:31:16+00:00\",\"author\":{\"@id\":\"https:\/\/hydrotec.es\/ca\/#\/schema\/person\/610bbbcae6906f670d05bb5552f148b7\"},\"description\":\"Els pisos baixos s\u00f3n els principals afectats per la humitat. En aquest article veiem que diu la llei sobre qui paga les humitats per capil\u00b7laritat.\",\"breadcrumb\":{\"@id\":\"https:\/\/hydrotec.es\/ca\/sin-categorizar\/qui-paga-les-humitats-per-capil%c2%b7laritat-%c2%b7-comunitats-de-veins\/#breadcrumb\"},\"inLanguage\":\"ca\",\"potentialAction\":[{\"@type\":\"ReadAction\",\"target\":[\"https:\/\/hydrotec.es\/ca\/sin-categorizar\/qui-paga-les-humitats-per-capil%c2%b7laritat-%c2%b7-comunitats-de-veins\/\"]}]},{\"@type\":\"ImageObject\",\"inLanguage\":\"ca\",\"@id\":\"https:\/\/hydrotec.es\/ca\/sin-categorizar\/qui-paga-les-humitats-per-capil%c2%b7laritat-%c2%b7-comunitats-de-veins\/#primaryimage\",\"url\":\"https:\/\/hydrotec.es\/wp-content\/uploads\/2022\/06\/hydrotec-blog-pared-de-parking_Quien-paga-humedad-capilaridad_Hydrotec.webp\",\"contentUrl\":\"https:\/\/hydrotec.es\/wp-content\/uploads\/2022\/06\/hydrotec-blog-pared-de-parking_Quien-paga-humedad-capilaridad_Hydrotec.webp\",\"width\":1620,\"height\":1080},{\"@type\":\"BreadcrumbList\",\"@id\":\"https:\/\/hydrotec.es\/ca\/sin-categorizar\/qui-paga-les-humitats-per-capil%c2%b7laritat-%c2%b7-comunitats-de-veins\/#breadcrumb\",\"itemListElement\":[{\"@type\":\"ListItem\",\"position\":1,\"name\":\"Portada\",\"item\":\"https:\/\/hydrotec.es\/ca\/\"},{\"@type\":\"ListItem\",\"position\":2,\"name\":\"Qui paga les humitats per capil\u00b7laritat \u00b7 Comunitats de ve\u00efns\"}]},{\"@type\":\"WebSite\",\"@id\":\"https:\/\/hydrotec.es\/ca\/#website\",\"url\":\"https:\/\/hydrotec.es\/ca\/\",\"name\":\"Hydrotec\",\"description\":\"Soluci\u00f3n a las humedades\",\"potentialAction\":[{\"@type\":\"SearchAction\",\"target\":{\"@type\":\"EntryPoint\",\"urlTemplate\":\"https:\/\/hydrotec.es\/ca\/?s={search_term_string}\"},\"query-input\":{\"@type\":\"PropertyValueSpecification\",\"valueRequired\":true,\"valueName\":\"search_term_string\"}}],\"inLanguage\":\"ca\"},{\"@type\":\"Person\",\"@id\":\"https:\/\/hydrotec.es\/ca\/#\/schema\/person\/610bbbcae6906f670d05bb5552f148b7\",\"name\":\"admin\",\"image\":{\"@type\":\"ImageObject\",\"inLanguage\":\"ca\",\"@id\":\"https:\/\/hydrotec.es\/ca\/#\/schema\/person\/image\/\",\"url\":\"https:\/\/secure.gravatar.com\/avatar\/5831aec57a392b620b66f2513e656e857a96f1a327a784c56c0b7eefc4468245?s=96&d=mm&r=g\",\"contentUrl\":\"https:\/\/secure.gravatar.com\/avatar\/5831aec57a392b620b66f2513e656e857a96f1a327a784c56c0b7eefc4468245?s=96&d=mm&r=g\",\"caption\":\"admin\"}}]}<\/script>\n<!-- \/ Yoast SEO plugin. -->","yoast_head_json":{"title":"Qui paga les humitats per capil\u00b7laritat | Hydrotec","description":"Els pisos baixos s\u00f3n els principals afectats per la humitat. En aquest article veiem que diu la llei sobre qui paga les humitats per capil\u00b7laritat.","robots":{"index":"index","follow":"follow","max-snippet":"max-snippet:-1","max-image-preview":"max-image-preview:large","max-video-preview":"max-video-preview:-1"},"canonical":"https:\/\/hydrotec.es\/ca\/sin-categorizar\/qui-paga-les-humitats-per-capil%c2%b7laritat-%c2%b7-comunitats-de-veins\/","og_locale":"ca_ES","og_type":"article","og_title":"Qui paga les humitats per capil\u00b7laritat | Hydrotec","og_description":"Els pisos baixos s\u00f3n els principals afectats per la humitat. En aquest article veiem que diu la llei sobre qui paga les humitats per capil\u00b7laritat.","og_url":"https:\/\/hydrotec.es\/ca\/sin-categorizar\/qui-paga-les-humitats-per-capil%c2%b7laritat-%c2%b7-comunitats-de-veins\/","og_site_name":"Hydrotec","article_published_time":"2022-06-07T11:49:20+00:00","article_modified_time":"2023-05-02T08:31:16+00:00","og_image":[{"width":1620,"height":1080,"url":"https:\/\/hydrotec.es\/wp-content\/uploads\/2022\/06\/hydrotec-blog-pared-de-parking_Quien-paga-humedad-capilaridad_Hydrotec.webp","type":"image\/webp"}],"author":"admin","twitter_card":"summary_large_image","twitter_misc":{"Escrit per":"admin","Temps estimat de lectura":"3 minuts"},"schema":{"@context":"https:\/\/schema.org","@graph":[{"@type":"WebPage","@id":"https:\/\/hydrotec.es\/ca\/sin-categorizar\/qui-paga-les-humitats-per-capil%c2%b7laritat-%c2%b7-comunitats-de-veins\/","url":"https:\/\/hydrotec.es\/ca\/sin-categorizar\/qui-paga-les-humitats-per-capil%c2%b7laritat-%c2%b7-comunitats-de-veins\/","name":"Qui paga les humitats per capil\u00b7laritat | Hydrotec","isPartOf":{"@id":"https:\/\/hydrotec.es\/ca\/#website"},"primaryImageOfPage":{"@id":"https:\/\/hydrotec.es\/ca\/sin-categorizar\/qui-paga-les-humitats-per-capil%c2%b7laritat-%c2%b7-comunitats-de-veins\/#primaryimage"},"image":{"@id":"https:\/\/hydrotec.es\/ca\/sin-categorizar\/qui-paga-les-humitats-per-capil%c2%b7laritat-%c2%b7-comunitats-de-veins\/#primaryimage"},"thumbnailUrl":"https:\/\/hydrotec.es\/wp-content\/uploads\/2022\/06\/hydrotec-blog-pared-de-parking_Quien-paga-humedad-capilaridad_Hydrotec.webp","datePublished":"2022-06-07T11:49:20+00:00","dateModified":"2023-05-02T08:31:16+00:00","author":{"@id":"https:\/\/hydrotec.es\/ca\/#\/schema\/person\/610bbbcae6906f670d05bb5552f148b7"},"description":"Els pisos baixos s\u00f3n els principals afectats per la humitat. En aquest article veiem que diu la llei sobre qui paga les humitats per capil\u00b7laritat.","breadcrumb":{"@id":"https:\/\/hydrotec.es\/ca\/sin-categorizar\/qui-paga-les-humitats-per-capil%c2%b7laritat-%c2%b7-comunitats-de-veins\/#breadcrumb"},"inLanguage":"ca","potentialAction":[{"@type":"ReadAction","target":["https:\/\/hydrotec.es\/ca\/sin-categorizar\/qui-paga-les-humitats-per-capil%c2%b7laritat-%c2%b7-comunitats-de-veins\/"]}]},{"@type":"ImageObject","inLanguage":"ca","@id":"https:\/\/hydrotec.es\/ca\/sin-categorizar\/qui-paga-les-humitats-per-capil%c2%b7laritat-%c2%b7-comunitats-de-veins\/#primaryimage","url":"https:\/\/hydrotec.es\/wp-content\/uploads\/2022\/06\/hydrotec-blog-pared-de-parking_Quien-paga-humedad-capilaridad_Hydrotec.webp","contentUrl":"https:\/\/hydrotec.es\/wp-content\/uploads\/2022\/06\/hydrotec-blog-pared-de-parking_Quien-paga-humedad-capilaridad_Hydrotec.webp","width":1620,"height":1080},{"@type":"BreadcrumbList","@id":"https:\/\/hydrotec.es\/ca\/sin-categorizar\/qui-paga-les-humitats-per-capil%c2%b7laritat-%c2%b7-comunitats-de-veins\/#breadcrumb","itemListElement":[{"@type":"ListItem","position":1,"name":"Portada","item":"https:\/\/hydrotec.es\/ca\/"},{"@type":"ListItem","position":2,"name":"Qui paga les humitats per capil\u00b7laritat \u00b7 Comunitats de ve\u00efns"}]},{"@type":"WebSite","@id":"https:\/\/hydrotec.es\/ca\/#website","url":"https:\/\/hydrotec.es\/ca\/","name":"Hydrotec","description":"Soluci\u00f3n a las humedades","potentialAction":[{"@type":"SearchAction","target":{"@type":"EntryPoint","urlTemplate":"https:\/\/hydrotec.es\/ca\/?s={search_term_string}"},"query-input":{"@type":"PropertyValueSpecification","valueRequired":true,"valueName":"search_term_string"}}],"inLanguage":"ca"},{"@type":"Person","@id":"https:\/\/hydrotec.es\/ca\/#\/schema\/person\/610bbbcae6906f670d05bb5552f148b7","name":"admin","image":{"@type":"ImageObject","inLanguage":"ca","@id":"https:\/\/hydrotec.es\/ca\/#\/schema\/person\/image\/","url":"https:\/\/secure.gravatar.com\/avatar\/5831aec57a392b620b66f2513e656e857a96f1a327a784c56c0b7eefc4468245?s=96&d=mm&r=g","contentUrl":"https:\/\/secure.gravatar.com\/avatar\/5831aec57a392b620b66f2513e656e857a96f1a327a784c56c0b7eefc4468245?s=96&d=mm&r=g","caption":"admin"}}]}},"_links":{"self":[{"href":"https:\/\/hydrotec.es\/ca\/wp-json\/wp\/v2\/posts\/16691","targetHints":{"allow":["GET"]}}],"collection":[{"href":"https:\/\/hydrotec.es\/ca\/wp-json\/wp\/v2\/posts"}],"about":[{"href":"https:\/\/hydrotec.es\/ca\/wp-json\/wp\/v2\/types\/post"}],"author":[{"embeddable":true,"href":"https:\/\/hydrotec.es\/ca\/wp-json\/wp\/v2\/users\/1"}],"replies":[{"embeddable":true,"href":"https:\/\/hydrotec.es\/ca\/wp-json\/wp\/v2\/comments?post=16691"}],"version-history":[{"count":2,"href":"https:\/\/hydrotec.es\/ca\/wp-json\/wp\/v2\/posts\/16691\/revisions"}],"predecessor-version":[{"id":20234,"href":"https:\/\/hydrotec.es\/ca\/wp-json\/wp\/v2\/posts\/16691\/revisions\/20234"}],"wp:featuredmedia":[{"embeddable":true,"href":"https:\/\/hydrotec.es\/ca\/wp-json\/wp\/v2\/media\/18984"}],"wp:attachment":[{"href":"https:\/\/hydrotec.es\/ca\/wp-json\/wp\/v2\/media?parent=16691"}],"wp:term":[{"taxonomy":"category","embeddable":true,"href":"https:\/\/hydrotec.es\/ca\/wp-json\/wp\/v2\/categories?post=16691"},{"taxonomy":"post_tag","embeddable":true,"href":"https:\/\/hydrotec.es\/ca\/wp-json\/wp\/v2\/tags?post=16691"}],"curies":[{"name":"wp","href":"https:\/\/api.w.org\/{rel}","templated":true}]}}