{"id":18534,"date":"2022-12-30T18:00:03","date_gmt":"2022-12-30T17:00:03","guid":{"rendered":"https:\/\/hydrotec.es\/perills-de-dormir-en-una-habitacio-amb-floridura-i-humitats\/"},"modified":"2023-04-28T09:34:13","modified_gmt":"2023-04-28T07:34:13","slug":"perills-dormir-habitacio-floridura-humitats","status":"publish","type":"post","link":"https:\/\/hydrotec.es\/ca\/sin-categorizar\/perills-dormir-habitacio-floridura-humitats\/","title":{"rendered":"Perills de dormir en una habitaci\u00f3 amb floridura i humitats"},"content":{"rendered":"<p><span style=\"font-weight: 400;\">La <\/span><b>humitat per capil\u00b7laritat<\/b><span style=\"font-weight: 400;\"> i la formaci\u00f3 de <\/span><b>floridura en el dormitori<\/b><span style=\"font-weight: 400;\"> \u00e9s motiu de preocupaci\u00f3, tant pels danys estructurals com per les <\/span><b>conseq\u00fc\u00e8ncies per a la salut<\/b><span style=\"font-weight: 400;\">. Avui en el<\/span><a href=\"https:\/\/hydrotec.es\/blog\/\"><span style=\"font-weight: 400;\"> blog de <\/span><b>Hydrotec<\/b> <\/a><span style=\"font-weight: 400;\">veurem els <\/span><b>perills de dormir en una habitaci\u00f3 amb floridura i humitats.<\/b><\/p>\n<h2><b>Per qu\u00e8 es crea floridura al\u00a0 dormitori?<\/b><\/h2>\n<p><span style=\"font-weight: 400;\">En termes generals, la<\/span><b> floridura engloba diversos tipus de fongs microsc\u00f2pics<\/b><span style=\"font-weight: 400;\">, les espores dels quals s\u00f3n invisibles a simple vista (solen tenir <\/span><a href=\"https:\/\/agrologia.wordpress.com\/2015\/06\/29\/el-tamano-de-los-microorganismos\/#:~:text=El%20tama%C3%B1o%20de%20una%20espora,colonia%20que%20posea%20el%20hongo.\" target=\"_blank\" rel=\"noopener noreferrer\"><span style=\"font-weight: 400;\">entre 1 i 15 micres de di\u00e0metre<\/span><\/a><span style=\"font-weight: 400;\">) i poden rec\u00f3rrer grans dist\u00e0ncies a trav\u00e9s de l&#8217;aire.<\/span><\/p>\n<p><span style=\"font-weight: 400;\">Els dormitoris s\u00f3n un tipus<\/span><b> d&#8217;habitaci\u00f3 molt agradable per a la floridura<\/b><span style=\"font-weight: 400;\">, ja que solen estar tancades i mal ventilades. A m\u00e9s, durant la nit es crea un <\/span><b>ambient ideal perqu\u00e8 aquests microorganismes es reprodueixin<\/b><span style=\"font-weight: 400;\">, es genera una humitat considerable i prolongada, gr\u00e0cies a la transpiraci\u00f3 i respiraci\u00f3 de qui dormen.<\/span><\/p>\n<h2><b>Dormir amb floridura \u00e9s un perill per a la salut<\/b><\/h2>\n<p><span style=\"font-weight: 400;\">La <\/span><b>floridura i les humitats<\/b><span style=\"font-weight: 400;\"> s\u00f3n un fenomen amb el qual moltes persones conviuen fa temps, per\u00f2 no ha estat fins fa poc que s&#8217;ha comen\u00e7at a estudiar sobre els <\/span><b>efectes i riscos que suposa viure o romandre en llocs amb floridura.<\/b><\/p>\n<p><span style=\"font-weight: 400;\">L<\/span><b>&#8216;exposici\u00f3 a microorganismes,<\/b><span style=\"font-weight: 400;\"> com les espores de floridura, pot crear una s\u00e8rie de patologies importants, sobretot en les persones m\u00e9s febles de la nostra llar: <\/span><b>els nens i ancians.<\/b><\/p>\n<p><span style=\"font-weight: 400;\">Segons l&#8217;<\/span><a href=\"https:\/\/www.who.int\/es\" target=\"_blank\" rel=\"noopener noreferrer\"><span style=\"font-weight: 400;\">Organitzaci\u00f3 Mundial de la Salut<\/span><\/a><span style=\"font-weight: 400;\">, entre un <\/span><b>10% i un 50% dels habitatges i edificis<\/b><span style=\"font-weight: 400;\"> dels Estats Units i Europa, presenta un <\/span><b>exc\u00e9s d&#8217;humitat en el seu interior<\/b><span style=\"font-weight: 400;\">, la qual cosa fa que aquests <\/span><b>llocs siguin insalubres<\/b><span style=\"font-weight: 400;\"> i genera importants<\/span><b> problemes de salut <\/b><span style=\"font-weight: 400;\">i consum energ\u00e8tic.<\/span><\/p>\n<p><span style=\"font-weight: 400;\">Per aix\u00f2 l<\/span><b>&#8216;OMS<\/b><span style=\"font-weight: 400;\">, insta la poblaci\u00f3 a parar esment a aquestes situacions, perqu\u00e8 l&#8217;<\/span><b>exc\u00e9s d&#8217;humitat <\/b><span style=\"font-weight: 400;\">\u00e9s una <\/span><a href=\"https:\/\/www.medicosypacientes.com\/articulo\/la-oms-lanza-las-primeras-directrices-para-mejorar-la-calidad-del-aire-que-se-respira-en-el\" target=\"_blank\" rel=\"noopener noreferrer\"><span style=\"font-weight: 400;\">amena\u00e7a real i tangible per a la salut de les persones.<\/span><\/a><\/p>\n<p><span style=\"font-weight: 400;\">Vejem quins s\u00f3n els <\/span><b>principals riscos de dormir en una habitaci\u00f3 amb floridura:<\/b><\/p>\n<h2><b>Principals perills de dormir en una habitaci\u00f3 amb floridura<\/b><\/h2>\n<p><span style=\"font-weight: 400;\">Les <\/span><b>conseq\u00fc\u00e8ncies per a la salut<\/b><span style=\"font-weight: 400;\"> poden ser rellevants. En un estat primari de la floridura, poden produir-se els seg\u00fcents problemes de salut:<\/span><\/p>\n<ul>\n<li style=\"font-weight: 400;\" aria-level=\"1\"><span style=\"font-weight: 400;\">Estats irritatius en les vies respirat\u00f2ries:<\/span>\n<ul>\n<li style=\"font-weight: 400;\" aria-level=\"2\"><a href=\"https:\/\/www.cdc.gov\/antibiotic-use\/sp\/sinus-infection.html#:~:text=Las%20sinusitis%20ocurren%20cuando%20se,pueden%20ser%20causadas%20por%20bacterias.\" target=\"_blank\" rel=\"noopener noreferrer\"><b>Sinusitis<\/b><\/a><span style=\"font-weight: 400;\">: inflamaci\u00f3 de les vies respirat\u00f2ries altes.<\/span><\/li>\n<li style=\"font-weight: 400;\" aria-level=\"2\"><b>Bronquitis <\/b><span style=\"font-weight: 400;\">i asma: inflamaci\u00f3 de les vies respirat\u00f2ries baixes.<\/span><\/li>\n<\/ul>\n<\/li>\n<li style=\"font-weight: 400;\" aria-level=\"1\"><b>Maldecaps <\/b><span style=\"font-weight: 400;\">persistents.<\/span><\/li>\n<li style=\"font-weight: 400;\" aria-level=\"1\"><span style=\"font-weight: 400;\">Dificultat per a concentrar-se.<\/span><\/li>\n<\/ul>\n<p><span style=\"font-weight: 400;\">Quan comencem a notar la t\u00edpica <\/span><b>olor desagradable de la floridura<\/b><span style=\"font-weight: 400;\">, significa que hi ha <\/span><b>proliferaci\u00f3 d&#8217;espores<\/b><span style=\"font-weight: 400;\"> i, amb el temps, aix\u00f2 pot provocar els seg\u00fcents s\u00edmptomes:<\/span><\/p>\n<ul>\n<li><b>Cansament <\/b><span style=\"font-weight: 400;\">particular.<\/span><\/li>\n<li aria-level=\"1\"><b>N\u00e0usees i v\u00f2mits.<\/b><\/li>\n<li style=\"font-weight: 400;\" aria-level=\"1\"><span style=\"font-weight: 400;\">Alteracions del <\/span><b>somni<\/b><span style=\"font-weight: 400;\">.<\/span><\/li>\n<li style=\"font-weight: 400;\" aria-level=\"1\"><b>Canvis d&#8217;humor<\/b><span style=\"font-weight: 400;\"> i efectes dr\u00e0stics en el comportament en nens petits.<\/span><\/li>\n<\/ul>\n<h2><b>Malalties que produeix la floridura<\/b><\/h2>\n<p><span style=\"font-weight: 400;\">En alguns casos, tamb\u00e9 poden produir malalties greus com:<\/span><\/p>\n<ul>\n<li style=\"font-weight: 400;\" aria-level=\"1\"><b>Intoxicaci\u00f3 per floridura en el dormitori:<\/b><span style=\"font-weight: 400;\"> un dels riscos \u00e9s el de contreure <\/span><a href=\"https:\/\/www.clinicasubiza.com\/Enfermedades\/Broncopulmonares\/Aspergilosis-Broncopulmonar-Alergica\" target=\"_blank\" rel=\"noopener noreferrer\"><span style=\"font-weight: 400;\">aspergil\u00b7losis broncopulmonar al\u00b7l\u00e8rgica<\/span><\/a><span style=\"font-weight: 400;\">, una malaltia pulmonar causada per floridura del g\u00e8nere <\/span><b><i>aspergil\u00b7lus fumigatus<\/i><\/b><span style=\"font-weight: 400;\">. Les persones m\u00e9s exposades s\u00f3n les que ja pateixen asma cr\u00f2nica. Si no s&#8217;actua a temps, poden produir greus danys en els pulmons. Es poden formar grans cicatrius a causa de la<\/span><b> reducci\u00f3 de l&#8217;intercanvi entre aire i sang en la seva superf\u00edcie.<\/b><\/li>\n<li style=\"font-weight: 400;\" aria-level=\"1\"><b>Infeccions internes causades per floridura<\/b><span style=\"font-weight: 400;\">: persones amb un <\/span><a href=\"https:\/\/biomes.world\/es\/cosas-a-saber\/sistema-inmunitario\/inmunodeficiencia\/%C3%A7\" target=\"_blank\" rel=\"noopener noreferrer\"><span style=\"font-weight: 400;\">sistema immunitari afeblit<\/span><\/a><span style=\"font-weight: 400;\"> (com els malalts de <\/span><b>c\u00e0ncer <\/b><span style=\"font-weight: 400;\">o els que acaben de sotmetre&#8217;s a un <\/span><b>trasplantament<\/b><span style=\"font-weight: 400;\">) poden contreure infeccions que poden fins i tot <\/span><b>provocar la mort.<\/b><\/li>\n<\/ul>\n<h2><b>Qu\u00e8 causa floridura al dormitori?<\/b><\/h2>\n<p><span style=\"font-weight: 400;\">Quan apareix <\/span><b>floridura<\/b><span style=\"font-weight: 400;\">, el primer que cal fer \u00e9s intentar determinar d&#8217;on procedeix la humitat i determinar quina \u00e9s la causa principal. Algunes de les causes de la <\/span><b>humitat a la llar<\/b><span style=\"font-weight: 400;\"> s\u00f3n:<\/span><\/p>\n<ul>\n<li aria-level=\"1\"><b>Humitat per capil\u00b7laritat.<\/b><\/li>\n<li aria-level=\"1\"><span style=\"font-weight: 400;\">Humitats degudes a <\/span><b>defectes de construcci\u00f3.<\/b><\/li>\n<li aria-level=\"1\"><span style=\"font-weight: 400;\">\u00das excessiu d&#8217;aigua durant la construcci\u00f3 en edificis de nova planta.<\/span><\/li>\n<li aria-level=\"1\"><b>Infiltraci\u00f3 de la pluja<\/b><span style=\"font-weight: 400;\"> a trav\u00e9s de la teulada.<\/span><\/li>\n<li style=\"font-weight: 400;\" aria-level=\"1\"><b>Fugides<\/b><span style=\"font-weight: 400;\"> de baixants i canalons oclosos.<\/span><\/li>\n<\/ul>\n<p><span style=\"font-weight: 400;\">Una vegada identificada la <\/span><b>causa de la floridura en la llar i el dormitori,<\/b><span style=\"font-weight: 400;\"> \u00e9s necessari entendre <\/span><b>com eliminar-lo<\/b><span style=\"font-weight: 400;\">. A internet podem trobar moltes solucions, per\u00f2 quan es tracta de salut, el millor \u00e9s acudir a <\/span><a href=\"https:\/\/hydrotec.es\/empresa-de-tratamientos-de-humedades\/\"><span style=\"font-weight: 400;\">professionals experts<\/span><\/a><span style=\"font-weight: 400;\"> perqu\u00e8 acabin amb el <\/span><b>problema d&#8217;humitats<\/b><span style=\"font-weight: 400;\"> com m\u00e9s aviat millor.<\/span><\/p>\n<h2><b>Hydrotec, acaba amb la floridura i la humitat en el dormitori<\/b><\/h2>\n<p><span style=\"font-weight: 400;\">Si la causa de la floridura \u00e9s la<a href=\"https:\/\/hydrotec.es\/humedades\/humedades-por-capilaridad\/\"><b>\u00a0humitat per capil\u00b7laritat,<\/b><\/a>\u00a0caldr\u00e0 revisar el grau d\u2019humitat ascendent a les parets i fer-ne una valoraci\u00f3. Hi ha la possibilitat que calgui injectar resina per evitar la seva\u00a0<strong>remuntada capil\u00b7lar<\/strong>.\u00a0<\/span><\/p>\n<p><span style=\"font-weight: 400;\">En aquest cas i en altres situacions on el teu <\/span><b>habitatge estigui afectada per humitats<\/b><span style=\"font-weight: 400;\">, el millor \u00e9s aconseguir un bon diagn\u00f2stic. <\/span><b>Vols posar fi a la floridura i les humitats?<\/b><\/p>\n<p><a href=\"https:\/\/hydrotec.es\/contacto\/\"><span style=\"font-weight: 400;\">Contacta amb l&#8217;equip de <\/span><b>Hydrotec<\/b><span style=\"font-weight: 400;\">.<\/span><\/a><\/p>\n","protected":false},"excerpt":{"rendered":"<p>La humitat per capil\u00b7laritat i la formaci\u00f3 de floridura en el dormitori \u00e9s motiu de preocupaci\u00f3, tant pels danys estructurals com per les conseq\u00fc\u00e8ncies per a la salut.<\/p>\n<p>Avui en Hydrotec veurem els perills de dormir en una habitaci\u00f3 amb floridura i humitats.<\/p>\n","protected":false},"author":1,"featured_media":19206,"comment_status":"closed","ping_status":"closed","sticky":false,"template":"","format":"standard","meta":{"_et_pb_use_builder":"","_et_pb_old_content":"","_et_gb_content_width":"","footnotes":""},"categories":[295,1,301],"tags":[268,269,270,144,38,271,242,272],"class_list":["post-18534","post","type-post","status-publish","format-standard","has-post-thumbnail","hentry","category-humitats","category-sin-categorizar","category-tractaments","tag-dormir-amb-humitats","tag-floridura-al-dormitori","tag-habitacio-amb-floridura","tag-humitat-per-capillaritat","tag-hydrotec","tag-perills-dormir-amb-floridura","tag-problema-dhumitats","tag-problemes-de-salut"],"yoast_head":"<!-- This site is optimized with the Yoast SEO plugin v26.6 - https:\/\/yoast.com\/wordpress\/plugins\/seo\/ -->\n<title>Perills de dormir en una habitaci\u00f3 amb floridura i humitats | Hydrotec<\/title>\n<meta name=\"description\" content=\"Avui a Hydrotec veurem els perills de dormir en una habitaci\u00f3 amb floridura i humitats, quines s\u00f3n les causes i les malalties que provoca.\" \/>\n<meta name=\"robots\" content=\"index, follow, max-snippet:-1, max-image-preview:large, max-video-preview:-1\" \/>\n<link rel=\"canonical\" href=\"https:\/\/hydrotec.es\/ca\/sin-categorizar\/perills-dormir-habitacio-floridura-humitats\/\" \/>\n<meta property=\"og:locale\" content=\"ca_ES\" \/>\n<meta property=\"og:type\" content=\"article\" \/>\n<meta property=\"og:title\" content=\"Perills de dormir en una habitaci\u00f3 amb floridura i humitats | Hydrotec\" \/>\n<meta property=\"og:description\" content=\"Avui a Hydrotec veurem els perills de dormir en una habitaci\u00f3 amb floridura i humitats, quines s\u00f3n les causes i les malalties que provoca.\" \/>\n<meta property=\"og:url\" content=\"https:\/\/hydrotec.es\/ca\/sin-categorizar\/perills-dormir-habitacio-floridura-humitats\/\" \/>\n<meta property=\"og:site_name\" content=\"Hydrotec\" \/>\n<meta property=\"article:published_time\" content=\"2022-12-30T17:00:03+00:00\" \/>\n<meta property=\"article:modified_time\" content=\"2023-04-28T07:34:13+00:00\" \/>\n<meta property=\"og:image\" content=\"https:\/\/hydrotec.es\/wp-content\/uploads\/2023\/03\/hydrotec-blog-dormir-habitacion-humedades-peligroso-e1672679250409.webp\" \/>\n\t<meta property=\"og:image:width\" content=\"600\" \/>\n\t<meta property=\"og:image:height\" content=\"418\" \/>\n\t<meta property=\"og:image:type\" content=\"image\/webp\" \/>\n<meta name=\"author\" content=\"admin\" \/>\n<meta name=\"twitter:card\" content=\"summary_large_image\" \/>\n<meta name=\"twitter:label1\" content=\"Escrit per\" \/>\n\t<meta name=\"twitter:data1\" content=\"admin\" \/>\n\t<meta name=\"twitter:label2\" content=\"Temps estimat de lectura\" \/>\n\t<meta name=\"twitter:data2\" content=\"4 minuts\" \/>\n<script type=\"application\/ld+json\" class=\"yoast-schema-graph\">{\"@context\":\"https:\/\/schema.org\",\"@graph\":[{\"@type\":\"WebPage\",\"@id\":\"https:\/\/hydrotec.es\/ca\/sin-categorizar\/perills-dormir-habitacio-floridura-humitats\/\",\"url\":\"https:\/\/hydrotec.es\/ca\/sin-categorizar\/perills-dormir-habitacio-floridura-humitats\/\",\"name\":\"Perills de dormir en una habitaci\u00f3 amb floridura i humitats | Hydrotec\",\"isPartOf\":{\"@id\":\"https:\/\/hydrotec.es\/ca\/#website\"},\"primaryImageOfPage\":{\"@id\":\"https:\/\/hydrotec.es\/ca\/sin-categorizar\/perills-dormir-habitacio-floridura-humitats\/#primaryimage\"},\"image\":{\"@id\":\"https:\/\/hydrotec.es\/ca\/sin-categorizar\/perills-dormir-habitacio-floridura-humitats\/#primaryimage\"},\"thumbnailUrl\":\"https:\/\/hydrotec.es\/wp-content\/uploads\/2023\/03\/hydrotec-blog-dormir-habitacion-humedades-peligroso-e1672679250409.webp\",\"datePublished\":\"2022-12-30T17:00:03+00:00\",\"dateModified\":\"2023-04-28T07:34:13+00:00\",\"author\":{\"@id\":\"https:\/\/hydrotec.es\/ca\/#\/schema\/person\/610bbbcae6906f670d05bb5552f148b7\"},\"description\":\"Avui a Hydrotec veurem els perills de dormir en una habitaci\u00f3 amb floridura i humitats, quines s\u00f3n les causes i les malalties que provoca.\",\"breadcrumb\":{\"@id\":\"https:\/\/hydrotec.es\/ca\/sin-categorizar\/perills-dormir-habitacio-floridura-humitats\/#breadcrumb\"},\"inLanguage\":\"ca\",\"potentialAction\":[{\"@type\":\"ReadAction\",\"target\":[\"https:\/\/hydrotec.es\/ca\/sin-categorizar\/perills-dormir-habitacio-floridura-humitats\/\"]}]},{\"@type\":\"ImageObject\",\"inLanguage\":\"ca\",\"@id\":\"https:\/\/hydrotec.es\/ca\/sin-categorizar\/perills-dormir-habitacio-floridura-humitats\/#primaryimage\",\"url\":\"https:\/\/hydrotec.es\/wp-content\/uploads\/2023\/03\/hydrotec-blog-dormir-habitacion-humedades-peligroso-e1672679250409.webp\",\"contentUrl\":\"https:\/\/hydrotec.es\/wp-content\/uploads\/2023\/03\/hydrotec-blog-dormir-habitacion-humedades-peligroso-e1672679250409.webp\",\"width\":600,\"height\":418},{\"@type\":\"BreadcrumbList\",\"@id\":\"https:\/\/hydrotec.es\/ca\/sin-categorizar\/perills-dormir-habitacio-floridura-humitats\/#breadcrumb\",\"itemListElement\":[{\"@type\":\"ListItem\",\"position\":1,\"name\":\"Portada\",\"item\":\"https:\/\/hydrotec.es\/ca\/\"},{\"@type\":\"ListItem\",\"position\":2,\"name\":\"Perills de dormir en una habitaci\u00f3 amb floridura i humitats\"}]},{\"@type\":\"WebSite\",\"@id\":\"https:\/\/hydrotec.es\/ca\/#website\",\"url\":\"https:\/\/hydrotec.es\/ca\/\",\"name\":\"Hydrotec\",\"description\":\"Soluci\u00f3n a las humedades\",\"potentialAction\":[{\"@type\":\"SearchAction\",\"target\":{\"@type\":\"EntryPoint\",\"urlTemplate\":\"https:\/\/hydrotec.es\/ca\/?s={search_term_string}\"},\"query-input\":{\"@type\":\"PropertyValueSpecification\",\"valueRequired\":true,\"valueName\":\"search_term_string\"}}],\"inLanguage\":\"ca\"},{\"@type\":\"Person\",\"@id\":\"https:\/\/hydrotec.es\/ca\/#\/schema\/person\/610bbbcae6906f670d05bb5552f148b7\",\"name\":\"admin\",\"image\":{\"@type\":\"ImageObject\",\"inLanguage\":\"ca\",\"@id\":\"https:\/\/hydrotec.es\/ca\/#\/schema\/person\/image\/\",\"url\":\"https:\/\/secure.gravatar.com\/avatar\/5831aec57a392b620b66f2513e656e857a96f1a327a784c56c0b7eefc4468245?s=96&d=mm&r=g\",\"contentUrl\":\"https:\/\/secure.gravatar.com\/avatar\/5831aec57a392b620b66f2513e656e857a96f1a327a784c56c0b7eefc4468245?s=96&d=mm&r=g\",\"caption\":\"admin\"}}]}<\/script>\n<!-- \/ Yoast SEO plugin. -->","yoast_head_json":{"title":"Perills de dormir en una habitaci\u00f3 amb floridura i humitats | Hydrotec","description":"Avui a Hydrotec veurem els perills de dormir en una habitaci\u00f3 amb floridura i humitats, quines s\u00f3n les causes i les malalties que provoca.","robots":{"index":"index","follow":"follow","max-snippet":"max-snippet:-1","max-image-preview":"max-image-preview:large","max-video-preview":"max-video-preview:-1"},"canonical":"https:\/\/hydrotec.es\/ca\/sin-categorizar\/perills-dormir-habitacio-floridura-humitats\/","og_locale":"ca_ES","og_type":"article","og_title":"Perills de dormir en una habitaci\u00f3 amb floridura i humitats | Hydrotec","og_description":"Avui a Hydrotec veurem els perills de dormir en una habitaci\u00f3 amb floridura i humitats, quines s\u00f3n les causes i les malalties que provoca.","og_url":"https:\/\/hydrotec.es\/ca\/sin-categorizar\/perills-dormir-habitacio-floridura-humitats\/","og_site_name":"Hydrotec","article_published_time":"2022-12-30T17:00:03+00:00","article_modified_time":"2023-04-28T07:34:13+00:00","og_image":[{"width":600,"height":418,"url":"https:\/\/hydrotec.es\/wp-content\/uploads\/2023\/03\/hydrotec-blog-dormir-habitacion-humedades-peligroso-e1672679250409.webp","type":"image\/webp"}],"author":"admin","twitter_card":"summary_large_image","twitter_misc":{"Escrit per":"admin","Temps estimat de lectura":"4 minuts"},"schema":{"@context":"https:\/\/schema.org","@graph":[{"@type":"WebPage","@id":"https:\/\/hydrotec.es\/ca\/sin-categorizar\/perills-dormir-habitacio-floridura-humitats\/","url":"https:\/\/hydrotec.es\/ca\/sin-categorizar\/perills-dormir-habitacio-floridura-humitats\/","name":"Perills de dormir en una habitaci\u00f3 amb floridura i humitats | Hydrotec","isPartOf":{"@id":"https:\/\/hydrotec.es\/ca\/#website"},"primaryImageOfPage":{"@id":"https:\/\/hydrotec.es\/ca\/sin-categorizar\/perills-dormir-habitacio-floridura-humitats\/#primaryimage"},"image":{"@id":"https:\/\/hydrotec.es\/ca\/sin-categorizar\/perills-dormir-habitacio-floridura-humitats\/#primaryimage"},"thumbnailUrl":"https:\/\/hydrotec.es\/wp-content\/uploads\/2023\/03\/hydrotec-blog-dormir-habitacion-humedades-peligroso-e1672679250409.webp","datePublished":"2022-12-30T17:00:03+00:00","dateModified":"2023-04-28T07:34:13+00:00","author":{"@id":"https:\/\/hydrotec.es\/ca\/#\/schema\/person\/610bbbcae6906f670d05bb5552f148b7"},"description":"Avui a Hydrotec veurem els perills de dormir en una habitaci\u00f3 amb floridura i humitats, quines s\u00f3n les causes i les malalties que provoca.","breadcrumb":{"@id":"https:\/\/hydrotec.es\/ca\/sin-categorizar\/perills-dormir-habitacio-floridura-humitats\/#breadcrumb"},"inLanguage":"ca","potentialAction":[{"@type":"ReadAction","target":["https:\/\/hydrotec.es\/ca\/sin-categorizar\/perills-dormir-habitacio-floridura-humitats\/"]}]},{"@type":"ImageObject","inLanguage":"ca","@id":"https:\/\/hydrotec.es\/ca\/sin-categorizar\/perills-dormir-habitacio-floridura-humitats\/#primaryimage","url":"https:\/\/hydrotec.es\/wp-content\/uploads\/2023\/03\/hydrotec-blog-dormir-habitacion-humedades-peligroso-e1672679250409.webp","contentUrl":"https:\/\/hydrotec.es\/wp-content\/uploads\/2023\/03\/hydrotec-blog-dormir-habitacion-humedades-peligroso-e1672679250409.webp","width":600,"height":418},{"@type":"BreadcrumbList","@id":"https:\/\/hydrotec.es\/ca\/sin-categorizar\/perills-dormir-habitacio-floridura-humitats\/#breadcrumb","itemListElement":[{"@type":"ListItem","position":1,"name":"Portada","item":"https:\/\/hydrotec.es\/ca\/"},{"@type":"ListItem","position":2,"name":"Perills de dormir en una habitaci\u00f3 amb floridura i humitats"}]},{"@type":"WebSite","@id":"https:\/\/hydrotec.es\/ca\/#website","url":"https:\/\/hydrotec.es\/ca\/","name":"Hydrotec","description":"Soluci\u00f3n a las humedades","potentialAction":[{"@type":"SearchAction","target":{"@type":"EntryPoint","urlTemplate":"https:\/\/hydrotec.es\/ca\/?s={search_term_string}"},"query-input":{"@type":"PropertyValueSpecification","valueRequired":true,"valueName":"search_term_string"}}],"inLanguage":"ca"},{"@type":"Person","@id":"https:\/\/hydrotec.es\/ca\/#\/schema\/person\/610bbbcae6906f670d05bb5552f148b7","name":"admin","image":{"@type":"ImageObject","inLanguage":"ca","@id":"https:\/\/hydrotec.es\/ca\/#\/schema\/person\/image\/","url":"https:\/\/secure.gravatar.com\/avatar\/5831aec57a392b620b66f2513e656e857a96f1a327a784c56c0b7eefc4468245?s=96&d=mm&r=g","contentUrl":"https:\/\/secure.gravatar.com\/avatar\/5831aec57a392b620b66f2513e656e857a96f1a327a784c56c0b7eefc4468245?s=96&d=mm&r=g","caption":"admin"}}]}},"_links":{"self":[{"href":"https:\/\/hydrotec.es\/ca\/wp-json\/wp\/v2\/posts\/18534","targetHints":{"allow":["GET"]}}],"collection":[{"href":"https:\/\/hydrotec.es\/ca\/wp-json\/wp\/v2\/posts"}],"about":[{"href":"https:\/\/hydrotec.es\/ca\/wp-json\/wp\/v2\/types\/post"}],"author":[{"embeddable":true,"href":"https:\/\/hydrotec.es\/ca\/wp-json\/wp\/v2\/users\/1"}],"replies":[{"embeddable":true,"href":"https:\/\/hydrotec.es\/ca\/wp-json\/wp\/v2\/comments?post=18534"}],"version-history":[{"count":3,"href":"https:\/\/hydrotec.es\/ca\/wp-json\/wp\/v2\/posts\/18534\/revisions"}],"predecessor-version":[{"id":19576,"href":"https:\/\/hydrotec.es\/ca\/wp-json\/wp\/v2\/posts\/18534\/revisions\/19576"}],"wp:featuredmedia":[{"embeddable":true,"href":"https:\/\/hydrotec.es\/ca\/wp-json\/wp\/v2\/media\/19206"}],"wp:attachment":[{"href":"https:\/\/hydrotec.es\/ca\/wp-json\/wp\/v2\/media?parent=18534"}],"wp:term":[{"taxonomy":"category","embeddable":true,"href":"https:\/\/hydrotec.es\/ca\/wp-json\/wp\/v2\/categories?post=18534"},{"taxonomy":"post_tag","embeddable":true,"href":"https:\/\/hydrotec.es\/ca\/wp-json\/wp\/v2\/tags?post=18534"}],"curies":[{"name":"wp","href":"https:\/\/api.w.org\/{rel}","templated":true}]}}